{"dados":[{"titulo":"EDITAL DE PROCESSO SELETIVO SIMPLIFICADO PARA  CONTRATA\u00c7\u00c3O TEMPOR\u00c1RIA N\u00ba 003\/2025","dataAtualizacao":"2026-02-27 15:46:51","dataPostagem":"2025-11-24 00:00:00","dataRealizacao":"2025-11-24 00:00:00","numeroEdital":null,"numeroProcesso":3,"modalidade":"Processo Seletivo","situacao":"Aberto","descricao":"<strong>EDITAL DE PROCESSO SELETIVO SIMPLIFICADO PARA <\/strong><strong>CONTRATA&Ccedil;&Atilde;O TEMPOR&Aacute;RIA N&ordm; 003\/2025<\/strong>&nbsp;<br \/>\r\nO Munic&iacute;pio de Passos, atrav&eacute;s da&nbsp;Secretaria Municipal de Administra&ccedil;&atilde;o e&nbsp;Secretaria Municipal de &nbsp;Esporte, Lazer e Juventude, no uso de suas atribui&ccedil;&otilde;es, torna p&uacute;blico que est&atilde;o abertas as inscri&ccedil;&otilde;es para o <strong>Processo Seletivo Simplificado de T&eacute;cnico Desportivo<\/strong>, por meio de <em>an&aacute;lise curricular<\/em>, para a contrata&ccedil;&atilde;o tempor&aacute;ria, por prazo determinado, para suprir as vagas imediatas e forma&ccedil;&atilde;o de cadastro reserva, dentro do prazo de validade deste Edital, para atua&ccedil;&atilde;o na(s) fun&ccedil;&atilde;o(&otilde;es) contida(s) na tabela I do respectivo edital, visando atender a necessidade tempor&aacute;ria de excepcional interesse p&uacute;blico, nos termos do Regime Especial de Direito Administrativo (REDA), de acordo com o artigo 2&ordm;, V, da Lei Municipal n.&ordm;3.049\/2013, conforme distribui&ccedil;&atilde;o de vagas por fun&ccedil;&atilde;o e n&iacute;vel de escolaridade apontados neste Edital, observados a Lei Complementar n.&ordm; 021\/2006 e suas posteriores altera&ccedil;&otilde;es e os termos da legisla&ccedil;&atilde;o em vigor, sob a supervis&atilde;o da Comiss&atilde;o do Processo Seletivo, nomeada pela <strong>Portaria n&ordm; 1.110 de 29 de setembro de 2025 - Edital n.&ordm; 003\/2025<\/strong>- regendo-se sob as normas, disposi&ccedil;&otilde;es e crit&eacute;rios contidos nas Instru&ccedil;&otilde;es Especiais, que ficam fazendo parte integrante deste Edital.<br \/>\r\nA <strong>inscri&ccedil;&atilde;o<\/strong>&nbsp;para o Processo Seletivo Simplificado <strong>ser&aacute; exclusivamente de forma online<\/strong>, das <strong>07h00min do dia de 01\/12\/2025 &agrave;s 23h59min do dia 05\/12\/2025<\/strong>, no endere&ccedil;o eletr&ocirc;nico: <a href=\"https:\/\/www.passos.mg.gov.br\/processo-seletivo-esporte-2025\"><span style=\"color:#0066ff\"><u>https:\/\/www.passos.mg.gov.br\/processo-seletivo-esporte-2025<\/u><\/span><\/a>&nbsp;<br \/>\r\n<br \/>\r\n&nbsp;"},{"titulo":"EDITAL DE PROCESSO SELETIVO SIMPLIFICADO PARA CONTRATA\u00c7\u00c3O TEMPOR\u00c1RIA N\u00ba 05\/2025 - EDUCA\u00c7\u00c3O","dataAtualizacao":"2026-02-26 14:10:10","dataPostagem":"2025-10-22 13:40:00","dataRealizacao":"2025-10-22 00:00:00","numeroEdital":null,"numeroProcesso":5,"modalidade":"Processo Seletivo","situacao":"Aberto","descricao":"<strong>EDITAL N.&ordm; 05\/2025 DE PROCESSO SELETIVO SIMPLIFICADO<\/strong><strong>&nbsp;PROFESSOR DE EDUCA&Ccedil;&Atilde;O B&Aacute;SICA\/REGENTE DE AULAS\/L&Iacute;NGUA INGLESA<\/strong><br \/>\r\n&nbsp;<br \/>\r\nO Munic&iacute;pio de Passos, atrav&eacute;s da Secretaria Municipal de Educa&ccedil;&atilde;o, no uso de suas atribui&ccedil;&otilde;es, torna p&uacute;blico que est&atilde;o abertas as inscri&ccedil;&otilde;es para o <strong>Processo Seletivo Simplificado de Professor de Educa&ccedil;&atilde;o B&aacute;sica\/Regente de Aulas\/L&iacute;ngua Inglesa<\/strong>, por meio de <em>an&aacute;lise curricular<\/em>, para a contrata&ccedil;&atilde;o tempor&aacute;ria, por prazo determinado, para suprir&nbsp; forma&ccedil;&atilde;o de cadastro reserva, dentro do prazo de validade deste Edital, para atua&ccedil;&atilde;o na(s) fun&ccedil;&atilde;o(&otilde;es) contida(s) na tabela I do respectivo edital, visando atender a necessidade tempor&aacute;ria de excepcional interesse p&uacute;blico, nos termos do Regime Especial de Direito Administrativo (REDA), de acordo com o artigo 2&ordm;, V, da Lei Municipal n.&ordm;3.049\/2013, conforme distribui&ccedil;&atilde;o de vagas por fun&ccedil;&atilde;o e n&iacute;vel de escolaridade apontados neste Edital, observados a Lei Complementar n.&ordm; 021\/2006 e suas posteriores altera&ccedil;&otilde;es, bem como a Lei Complementar n.&deg;061\/2020 e os termos da legislac\u0327a\u0303o em vigor, sob a supervis&atilde;o da Comiss&atilde;o do Processo Seletivo, nomeada pela <strong>Portaria n&ordm; 1096 de 08 de setembro de 2025 - Edital n.&ordm; 05\/2025<\/strong> - regendo-se sob as normas, disposi&ccedil;&otilde;es e crit&eacute;rios contidos nas Instru&ccedil;&otilde;es Especiais, que ficam fazendo parte integrante deste Edital.<br \/>\r\n<strong><span style=\"font-family:arial narrow,sans-serif; font-size:12.0pt; mso-ansi-language:PT-BR; mso-bidi-font-family:&quot;Arial Narrow&quot;; mso-bidi-language:AR-SA; mso-fareast-font-family:&quot;Times New Roman&quot;; mso-fareast-language:PT-BR\">. <\/span><\/strong><span style=\"font-family:arial narrow,sans-serif; font-size:12.0pt; mso-ansi-language:PT-BR; mso-bidi-font-family:&quot;Arial Narrow&quot;; mso-bidi-language:AR-SA; mso-fareast-font-family:&quot;Times New Roman&quot;; mso-fareast-language:PT-BR\">A inscri&ccedil;&atilde;o para o Processo Seletivo Simplificado ser&aacute;<\/span><span style=\"font-family:arial narrow,sans-serif; font-size:12.0pt; mso-ansi-language:PT-BR; mso-bidi-font-family:&quot;Arial Narrow&quot;; mso-bidi-language:AR-SA; mso-fareast-font-family:&quot;Times New Roman&quot;; mso-fareast-language:EN-US; mso-font-width:105%\"> exclusivamente de<strong> forma online<\/strong>,<\/span><span style=\"font-family:arial narrow,sans-serif; font-size:12.0pt; mso-ansi-language:PT-BR; mso-bidi-font-family:&quot;Arial Narrow&quot;; mso-bidi-language:AR-SA; mso-fareast-font-family:&quot;Times New Roman&quot;; mso-fareast-language:PT-BR\"> <strong>das 07h00min do dia <\/strong><\/span><strong><span style=\"font-family:arial narrow,sans-serif; font-size:12.0pt; mso-ansi-language:PT-BR; mso-bidi-font-family:&quot;Arial Narrow&quot;; mso-bidi-language:AR-SA; mso-fareast-font-family:&quot;Times New Roman&quot;; mso-fareast-language:EN-US; mso-font-width:105%\">de 27\/10\/2025 &agrave;s 23h59min, do dia 31\/10\/2025<\/span><\/strong><span style=\"font-family:arial narrow,sans-serif; font-size:12.0pt; mso-ansi-language:PT-BR; mso-bidi-font-family:&quot;Arial Narrow&quot;; mso-bidi-language:AR-SA; mso-fareast-font-family:&quot;Times New Roman&quot;; mso-fareast-language:EN-US; mso-font-width:105%\">,<\/span><span style=\"font-family:microsoft tai le,sans-serif; font-size:11.0pt; mso-ansi-language:PT-BR; mso-bidi-language:AR-SA; mso-fareast-font-family:&quot;Times New Roman&quot;; mso-fareast-language:EN-US\"> <\/span><span style=\"font-family:arial narrow,sans-serif; font-size:12.0pt; mso-ansi-language:PT-BR; mso-bidi-font-family:&quot;Arial Narrow&quot;; mso-bidi-language:AR-SA; mso-fareast-font-family:&quot;Times New Roman&quot;; mso-fareast-language:EN-US; mso-font-width:105%\">no endere&ccedil;o eletr&ocirc;nico:<strong><span style=\"letter-spacing:-.4pt\"> <\/span><\/strong><\/span> <span>&nbsp;<\/span><a href=\"https:\/\/www.passos.mg.gov.br\/processo-seletivo-educacao-2025\" rel=\"noreferrer\" style=\"box-sizing: border-box; color: rgb(0, 138, 204); text-decoration: underline; background-color: transparent;\" target=\"_blank\">https:\/\/www.passos.mg.gov.br\/processo-seletivo-educacao-2025<\/a><br type=\"_moz\" \/>\r\n<br \/>\r\n<br \/>\r\n<br \/>\r\n&nbsp;"},{"titulo":"EDITAL N \u00ba 04-2025 DE PROCESSO SELETIVO SIMPLIFICADO PARA CONTRATA\u00c7\u00d5ES DE PROFISSIONAIS DE SA\u00daDE","dataAtualizacao":"2026-04-24 14:55:04","dataPostagem":"2025-10-15 00:00:00","dataRealizacao":"2025-10-15 00:00:00","numeroEdital":null,"numeroProcesso":4,"modalidade":"Processo Seletivo","situacao":"Aberto","descricao":"<strong>EDITAL N&ordm;<\/strong> <strong>04\/2025<\/strong> <strong>DE PROCESSO SELETIVO SIMPLIFICADO<\/strong><strong>&nbsp;PARA CONTRATA&Ccedil;&Otilde;ES DE PROFISSIONAIS DE SA&Uacute;DE<\/strong><br \/>\r\n&nbsp;<br \/>\r\n<strong>Para atender a imperiosa necessidade de contrata&ccedil;&atilde;o para manuten&ccedil;&atilde;o dos servi&ccedil;os de sa&uacute;de, e composi&ccedil;&atilde;o dos setores: CEO &ndash; Centro de Especialidades Odontol&oacute;gicas , EMAD &ndash; Equipe Multi profissional de atendimento domiciliar, Sa&uacute;de Mental , Aten&ccedil;&atilde;o b&aacute;sica, Farm&aacute;cia,&nbsp; e utiliza&ccedil;&atilde;o em outros setores no &acirc;mbito da Secretaria Municipal de Sa&uacute;de, conforme necessidade das fun&ccedil;&otilde;es, <\/strong>atrav&eacute;s da Secretaria Municipal de &nbsp;Sa&uacute;de no uso de suas atribui&ccedil;&otilde;es, torna p&uacute;blico que est&atilde;o abertas as inscri&ccedil;&otilde;es para o <strong>Processo Seletivo Simplificado, <\/strong>&nbsp;em raz&atilde;o da emerg&ecirc;ncia na &aacute;rea de sa&uacute;de p&uacute;blica,&nbsp; para a contrata&ccedil;&atilde;o tempor&aacute;ria, por prazo determinado, para suprir as vagas imediatas e forma&ccedil;&atilde;o de cadastro reserva dentro do prazo de validade deste Edital, visando atender &agrave; necessidade tempor&aacute;ria de excepcional interesse p&uacute;blico, nos termos do Regime Especial de Direito Administrativo (REDA), de acordo com o artigo 2o, V da Lei Municipal no 3.049\/2013,&nbsp; no &acirc;mbito do Sistema &Uacute;nico de Sa&uacute;de (SUS), conforme distribui&ccedil;&atilde;o de vagas por fun&ccedil;&atilde;o e n&iacute;vel de escolaridade apontados abaixo, observados os termos da legisla&ccedil;&atilde;o em vigor, sob a supervis&atilde;o da Comiss&atilde;o do Processo Seletivo, nomeada pela portaria 1.113, de 07 de Outubro de 2025 &ndash; <strong>Edital n&deg; 04\/2025<\/strong> &ndash; regendo-se sob as normas, disposi&ccedil;&otilde;es e crit&eacute;rios contidos nas Instru&ccedil;&otilde;es Especiais, que ficam fazendo parte integrante deste Edital.<br \/>\r\nOs interessados dever&atilde;o se inscrever exclusivamente <strong>online, das 09h00min do dia 20\/10\/2025 &agrave;s 23h59min, do dia 22\/10\/2025,<\/strong> no endere&ccedil;o eletr&ocirc;nico: <a href=\"https:\/\/www.passos.mg.gov.br\/processo-seletivo-saude-2025\" target=\"_blank\"><u><span style=\"color:#0066ff\">https:\/\/www.passos.mg.gov.br\/processo-seletivo-saude-202<\/span><\/u><\/a><u><a href=\"https:\/\/www.passos.mg.gov.br\/processo-seletivo-saude-2025\" target=\"_blank\"><span style=\"color:#0066ff\"><\/span><\/a><a href=\"https:\/\/www.passos.mg.gov.br\/processo-seletivo-saude-2025\" target=\"_blank\"><span style=\"color:#0066ff\">5<\/span><\/a><\/u><br \/>\r\n&nbsp;"},{"titulo":"EDITAL N \u00ba 02-2025 DE PROCESSO SELETIVO SIMPLIFICADO PARA CONTRATA\u00c7\u00d5ES DE PROFISSIONAIS DE SA\u00daDE","dataAtualizacao":"2026-04-09 08:40:04","dataPostagem":"2025-06-26 09:00:00","dataRealizacao":"2025-06-23 00:00:00","numeroEdital":null,"numeroProcesso":2,"modalidade":"Processo Seletivo","situacao":"Aberto","descricao":"<strong>EDITAL N &ordm; 02\/2025 DE PROCESSO SELETIVO SIMPLIFICADO&nbsp;PARA CONTRATA&Ccedil;&Otilde;ES DE PROFISSIONAIS DE SA&Uacute;DE<br \/>\r\nPara atender a imperiosa necessidade de contrata&ccedil;&atilde;o para manuten&ccedil;&atilde;o dos servi&ccedil;os de sa&uacute;de, e composi&ccedil;&atilde;o dos setores: CEO &ndash; Centro de Especialidades Odontol&oacute;gicas , EMAD &ndash; Equipe Multi profissional de atendimento domiciliar,&nbsp; e utiliza&ccedil;&atilde;o em outros setores no &acirc;mbito da Secretaria Municipal de Sa&uacute;de, conforme necessidade das fun&ccedil;&otilde;es, <\/strong>atrav&eacute;s da Secretaria Municipal de &nbsp;Sa&uacute;de no uso de suas atribui&ccedil;&otilde;es, torna p&uacute;blico que est&atilde;o abertas as inscri&ccedil;&otilde;es para o <strong>Processo Seletivo Simplificado, <\/strong>&nbsp;em raz&atilde;o da emerg&ecirc;ncia na &aacute;rea de sa&uacute;de p&uacute;blica,&nbsp; para a contrata&ccedil;&atilde;o tempor&aacute;ria, por prazo determinado, para suprir as vagas imediatas e forma&ccedil;&atilde;o de cadastro reserva dentro do prazo de validade deste Edital, <u>visando compor a equipe do CEO, EMAD , e demais Setores da Secretaria Municipal de Sa&uacute;de , de acordo com a necessidade&nbsp; das fun&ccedil;&otilde;es, <\/u>visando atender &agrave; necessidade tempor&aacute;ria de excepcional interesse p&uacute;blico, nos termos do Regime Especial de Direito Administrativo (REDA), de acordo com o artigo 2o, V da Lei Municipal no 3.049\/2013,&nbsp; no &acirc;mbito do Sistema &Uacute;nico de Sa&uacute;de (SUS), conforme distribui&ccedil;&atilde;o de vagas por fun&ccedil;&atilde;o e n&iacute;vel de escolaridade apontados abaixo, observados os termos da legisla&ccedil;&atilde;o em vigor, sob a supervis&atilde;o da Comiss&atilde;o do Processo Seletivo, nomeada pela portaria 1.037 de 19 de Maio de 2025&ndash; <strong>Edital n&deg; 02\/2025<\/strong> &ndash; regendo-se sob as normas, disposi&ccedil;&otilde;es e crit&eacute;rios contidos nas Instru&ccedil;&otilde;es Especiais, que ficam fazendo parte integrante deste Edital.<br \/>\r\n<a href=\"https:\/\/www.passos.mg.gov.br\/processo-seletivo-saude-2025\" rel=\"noreferrer\" style=\"box-sizing: border-box; color: rgb(0, 138, 204); text-decoration: underline; background-color: rgb(255, 255, 255); font-family: &quot;Times New Roman&quot;, Times, serif; font-size: 16px; font-style: normal; font-variant-ligatures: normal; font-variant-caps: normal; font-weight: 400; letter-spacing: normal; orphans: 2; text-align: left; text-indent: 0px; text-transform: none; widows: 2; word-spacing: 0px; -webkit-text-stroke-width: 0px; white-space: normal;\" target=\"_blank\">https:\/\/www.passos.mg.gov.br\/processo-seletivo-saude-2025<\/a><span style=\"-webkit-text-stroke-width:0px; background-color:rgb(255, 255, 255); color:rgb(44, 54, 58); display:inline !important; float:none; font-family:times new roman,times,serif; font-size:16px; font-style:normal; font-variant-caps:normal; font-variant-ligatures:normal; font-weight:400; letter-spacing:normal; orphans:2; text-align:left; text-decoration-color:initial; text-decoration-style:initial; text-decoration-thickness:initial; text-indent:0px; text-transform:none; white-space:normal; widows:2; word-spacing:0px\">&nbsp;<\/span><br \/>\r\n<br \/>\r\n&nbsp;"},{"titulo":"EDITAL N\u00ba 01\/2025 DE PROCESSO SELETIVO SIMPLIFICADO PARA CONTRATA\u00c7\u00d5ES DE PROFISSIONAIS DE SA\u00daDE","dataAtualizacao":"2026-04-09 08:34:48","dataPostagem":"2025-03-26 00:00:00","dataRealizacao":"2025-03-26 10:10:00","numeroEdital":null,"numeroProcesso":1,"modalidade":"Processo Seletivo","situacao":"Aberto","descricao":"<strong>EDITAL N&ordm;<\/strong> <strong>01\/2025<\/strong> <strong>DE PROCESSO SELETIVO SIMPLIFICADO <\/strong><strong>PARA CONTRATA&Ccedil;&Otilde;ES DE PROFISSIONAIS DE SA&Uacute;DE<\/strong><br \/>\r\n<br \/>\r\n<strong>Para atender a imperiosa necessidade de contrata&ccedil;&atilde;o para manuten&ccedil;&atilde;o dos servi&ccedil;os de sa&uacute;de, e composi&ccedil;&atilde;o dos setores: EMAD - equipes multiprofissional de aten&ccedil;&atilde;o domiciliar&nbsp; e E-Multi - equipes multiprofissonal, Equipe de aten&ccedil;&atilde;o b&aacute;sica e utiliza&ccedil;&atilde;o em outros setores no &acirc;mbito da Secretaria Municipal de Sa&uacute;de, conforme necessidade das fun&ccedil;&otilde;es, <\/strong>atrav&eacute;s da Secretaria Municipal de &nbsp;Sa&uacute;de no uso de suas atribui&ccedil;&otilde;es, torna p&uacute;blico que est&atilde;o abertas as inscri&ccedil;&otilde;es para o <strong>Processo Seletivo Simplificado 01\/2025, <\/strong>&nbsp;em raz&atilde;o da emerg&ecirc;ncia na &aacute;rea de sa&uacute;de p&uacute;blica,&nbsp; para a contrata&ccedil;&atilde;o tempor&aacute;ria, por prazo determinado, para suprir as vagas imediatas e forma&ccedil;&atilde;o de cadastro reserva dentro do prazo de validade deste Edital, <u>visando compor a equipe do EMAD , EQUIPE MULTI-PROFISSIONAL e demais Setores da Secretaria Municipal de Sa&uacute;de , de acordo com a necessidade&nbsp; das fun&ccedil;&otilde;es, <\/u>visando atender &agrave; necessidade tempor&aacute;ria de excepcional interesse p&uacute;blico, nos termos do Regime Especial de Direito Administrativo (REDA), de acordo com o artigo 2o, V da Lei Municipal no 3.049\/2013,&nbsp; no &acirc;mbito do Sistema &Uacute;nico de Sa&uacute;de (SUS), conforme distribui&ccedil;&atilde;o de vagas por fun&ccedil;&atilde;o e n&iacute;vel de escolaridade apontados abaixo, observados os termos da legisla&ccedil;&atilde;o em vigor, sob a supervis&atilde;o da Comiss&atilde;o do Processo Seletivo, nomeada pela portaria 1.007, de 07 de Mar&ccedil;o de 2025&ndash; <strong>Edital n&deg; 01\/2025<\/strong> &ndash; regendo-se sob as normas, disposi&ccedil;&otilde;es e crit&eacute;rios contidos nas Instru&ccedil;&otilde;es Especiais, que ficam fazendo parte integrante deste Edital.<br \/>\r\n<br \/>\r\n<a href=\"https:\/\/www.passos.mg.gov.br\/processo-seletivo-saude-2025\" style=\"-moz-box-shadow: 3px 4px 0px 0px #899599;-webkit-box-shadow: 3px 4px 0px 0px #899599;box-shadow: 3px 4px 0px 0px #899599;background:-webkit-gradient(linear, left top, left bottom, color-stop(0.05, #ededed), color-stop(1, #bab1ba));background:-moz-linear-gradient(top, #ededed 5%, #bab1ba 100%);background:-webkit-linear-gradient(top, #ededed 5%, #bab1ba 100%);background:-o-linear-gradient(top, #ededed 5%, #bab1ba 100%);background:-ms-linear-gradient(top, #ededed 5%, #bab1ba 100%);background:linear-gradient(to bottom, #ededed 5%, #bab1ba 100%);filter:progid:DXImageTransform.Microsoft.gradient(startColorstr='#ededed', endColorstr='#bab1ba',GradientType=0);background-color:#ededed;-moz-border-radius:15px;-webkit-border-radius:15px;border-radius:15px;border:1px solid #d6bcd6;display:inline-block;color:#3a8a9e;font-family:arial;font-size:17px;font-weight:normal;font-style:normal;padding:7px 25px;text-decoration:none;text-shadow:0px 1px 0px #e1e2ed;margin:5px;\">Clique aqui para fazer a sua inscri&ccedil;&atilde;o<\/a><br \/>\r\n&nbsp;"},{"titulo":"EDITAL DE PROCESSO SELETIVO SIMPLIFICADO N\u00ba 06\/2024","dataAtualizacao":"2026-03-02 17:01:27","dataPostagem":"2024-12-02 00:00:00","dataRealizacao":"2024-12-02 00:00:00","numeroEdital":null,"numeroProcesso":6,"modalidade":"Processo Seletivo","situacao":"Aberto","descricao":"<strong>&nbsp;&nbsp;&nbsp;&nbsp;&nbsp;&nbsp;&nbsp;&nbsp;&nbsp;&nbsp;&nbsp;&nbsp;&nbsp;&nbsp;&nbsp;&nbsp;&nbsp;&nbsp;&nbsp;&nbsp;&nbsp;&nbsp;&nbsp;&nbsp;&nbsp;&nbsp;&nbsp;&nbsp;&nbsp;&nbsp;&nbsp;&nbsp;&nbsp;&nbsp;&nbsp;&nbsp;&nbsp;&nbsp;&nbsp;&nbsp;&nbsp;&nbsp;&nbsp;&nbsp;&nbsp;&nbsp;&nbsp;&nbsp;&nbsp;&nbsp;&nbsp;&nbsp;&nbsp;&nbsp;&nbsp;&nbsp; EDITAL DE PROCESSO SELETIVO SIMPLIFICADO N&ordm; 06\/2024<\/strong><strong> PARA CONTRATA&Ccedil;&Otilde;ES DE PROFISSIONAIS DE SA&Uacute;DE<\/strong><br \/>\r\n<strong>Para atender a imperiosa necessidade de contrata&ccedil;&atilde;o para manuten&ccedil;&atilde;o dos servi&ccedil;os de sa&uacute;de, e composi&ccedil;&atilde;o dos setores: EMAD - equipes multiprofissional de aten&ccedil;&atilde;o domiciliar, NAE - N&uacute;cleo de Assist&ecirc;ncia &agrave; Estomaterapia e utiliza&ccedil;&atilde;o em outros setores no &acirc;mbito da Secretaria Municipal de Sa&uacute;de, conforme necessidade das fun&ccedil;&otilde;es, <\/strong>atrav&eacute;s da Secretaria Municipal de &nbsp;Sa&uacute;de no uso de suas atribui&ccedil;&otilde;es, torna p&uacute;blico que est&atilde;o abertas as inscri&ccedil;&otilde;es para o <strong>Processo Seletivo Simplificado, <\/strong>&nbsp;em raz&atilde;o da emerg&ecirc;ncia na &aacute;rea de sa&uacute;de p&uacute;blica, &nbsp;para a contrata&ccedil;&atilde;o tempor&aacute;ria, por prazo determinado, para suprir as vagas imediatas e forma&ccedil;&atilde;o de cadastro reserva dentro do prazo de validade deste Edital, <u>visando<\/u> <u>compor a equipe do EMAD ,NAE , EQUIPE MULTI - DISCIPLINAR e demais Setores da Secretaria Municipal de Sa&uacute;de , de acordo com a necessidade&nbsp; das fun&ccedil;&otilde;es, <\/u>visando atender &agrave; necessidade tempor&aacute;ria de excepcional interesse p&uacute;blico, nos termos do Regime Especial de Direito Administrativo (REDA), de acordo com o artigo 2o, V da Lei Municipal no 3.049\/2013,&nbsp; no &acirc;mbito do Sistema &Uacute;nico de Sa&uacute;de (SUS), conforme distribui&ccedil;&atilde;o de vagas por fun&ccedil;&atilde;o e n&iacute;vel de escolaridade apontados abaixo, observados os termos da legisla&ccedil;&atilde;o em vigor, sob a supervis&atilde;o da Comiss&atilde;o do Processo Seletivo, nomeada pela Portaria n&ordm; 944, de 22 de novembro de 2024&ndash; <strong>Edital n<\/strong><strong>&deg; 06\/<\/strong><strong>2024<\/strong> &ndash; regendo-se sob as normas, disposi&ccedil;&otilde;es e crit&eacute;rios contidos nas Instru&ccedil;&otilde;es Especiais, que ficam fazendo parte integrante deste Edital."},{"titulo":"EDITAL DE CONCURSO P\u00daBLICO N\u00ba 1\/2023, DE 15 DE AGOSTO DE 2023","dataAtualizacao":"2026-04-17 09:51:06","dataPostagem":"2023-08-15 00:00:00","dataRealizacao":"2023-08-15 00:00:00","numeroEdital":null,"numeroProcesso":1,"modalidade":"Concurso P\u00fablico","situacao":"Aberto","descricao":"O <strong>PREFEITO MUNICIPAL DE PASSOS<\/strong>, Estado de Minas Gerais, no uso das atribui&ccedil;&otilde;es que lhe confere a Lei Org&acirc;nica do Munic&iacute;pio e de acordo com o Art. 37, Inciso II, da Constitui&ccedil;&atilde;o Federal, torna p&uacute;blico que far&aacute; realizar concurso p&uacute;blico para provimento de vagas para o seu quadro de servidores, regido pela Lei Org&acirc;nica do Munic&iacute;pio e pelas seguintes leis: Lei Municipal n&deg; 2.535\/2006, Lei Municipal n&deg; 3.963\/2023, Lei Complementar Municipal n&ordm; 061\/2020, Lei Complementar Municipal 084\/2023, Lei Complementar Municipal n&ordm; 078\/2022 e Lei Complementar Municipal n&ordm; 062\/2020; e em conformidade com a normas e condi&ccedil;&otilde;es estabelecidas no presente edital e seus anexos.<br \/>\r\n<br \/>\r\nO concurso p&uacute;blico ser&aacute; realizado sob a responsabilidade do <strong>Instituto de Acesso &agrave; Educa&ccedil;&atilde;o, Capacita&ccedil;&atilde;o Profissional e Desenvolvimento Humano &ndash; Instituto ACCESS<\/strong>, obedecidas &agrave;s normas deste edital, cujas atribui&ccedil;&otilde;es ultimam-se com a publica&ccedil;&atilde;o do ato que homologa o resultado final do concurso p&uacute;blico.<br \/>\r\n<br \/>\r\nLink para inscri&ccedil;&otilde;es:<span style=\"color:#0066ff\">&nbsp;<\/span><a href=\"https:\/\/concursos.access.org.br\/termo\/84\/\" target=\"_blank\"><span style=\"color:#0066ff\">https:\/\/concursos.access.org.br\/termo\/84\/<\/span><\/a><span style=\"color:#0066ff\"><\/span><br \/>\r\n&nbsp;"},{"titulo":"EDITAL DE PROCESSO SELETIVO SIMPLIFICADO N\u00ba 001\/2023","dataAtualizacao":"2026-03-16 16:24:20","dataPostagem":"2023-02-08 00:00:00","dataRealizacao":"2023-02-08 00:00:00","numeroEdital":null,"numeroProcesso":1,"modalidade":"Processo Seletivo","situacao":"Conclu\u00eddo","descricao":"O Prefeito Municipal de Passos e o Secret&aacute;rio Municipal de Administra&ccedil;&atilde;o, no uso de suas atribui&ccedil;&otilde;es, torna p&uacute;blico que est&atilde;o abertas as inscri&ccedil;&otilde;es para o <strong>Processo Seletivo Simplificado, <\/strong>mediante An&aacute;lise Curricular, em raz&atilde;o da emerg&ecirc;ncia na &aacute;rea de sa&uacute;de p&uacute;blica, para contrata&ccedil;&atilde;o tempor&aacute;ria, por prazo determinado, para suprir as vagas imediatas e forma&ccedil;&atilde;o de cadastro reserva dentro do prazo de validade deste Edital, para atua&ccedil;&atilde;o na(s) fun&ccedil;&atilde;o (&otilde;es) contida(s) na Tabela I do respectivo Edital, visando atender a necessidade tempor&aacute;ria de excepcional interesse p&uacute;blico, nos termos do Regime Especial de Direito Administrativo (REDA), de acordo com o artigo 2o, V da Lei Municipal no 3.049\/2013, conforme distribuic\u0327a\u0303o de vagas por func\u0327a\u0303o e ni\u0301vel de escolaridade apontados abaixo, observados os termos da legislac\u0327a\u0303o em vigor, sob a supervisa\u0303o da Comissa\u0303o do Processo Seletivo, nomeada pela Portaria &nbsp;&nbsp;489 de 01&nbsp;de fevereiro&nbsp;de 2023.&nbsp;&ndash; <strong>Edital no 00<\/strong><strong>1<\/strong><strong>\/202<\/strong><strong>3<\/strong>&nbsp;&ndash; regendo-se sob as normas, disposi&ccedil;&otilde;es e crit&eacute;rios contidos nas Instru&ccedil;&otilde;es Especiais, que ficam fazendo parte integrante deste Edital.O Processo Seletivo Simplificado visa atender a necessidade de excepcional interesse p&uacute;blico para o preenchimento de vagas existente na fun&ccedil;&atilde;o M&eacute;dico C&iacute;nico Geral para ESF, M&eacute;dico Ginecologista, M&eacute;dico Pediatra, M&eacute;dico Ultrassonagrafista, M&eacute;dico Infectologista, M&eacute;dico do Trabalho, Educador F&iacute;sico, Farmac&ecirc;utico, Psic&oacute;logo, Fonoaudi&oacute;logo, Fisioterapeuta Respirat&oacute;ria, T&eacute;cnico de Farm&aacute;cia<br \/>\r\n<br \/>\r\n&nbsp;"}]}